{"id":24177,"date":"2018-10-22T08:02:13","date_gmt":"2018-10-22T07:02:13","guid":{"rendered":"http:\/\/www.mcaa.pl\/?p=24177"},"modified":"2020-04-28T10:19:09","modified_gmt":"2020-04-28T09:19:09","slug":"pccs-25-jaehriges-jubilaeum","status":"publish","type":"post","link":"https:\/\/www.pcc-mcaa.eu\/de\/pccs-25-jaehriges-jubilaeum\/","title":{"rendered":"PCCs 25-j\u00e4hriges Jubil\u00e4um"},"content":{"rendered":"<div class=\"fusion-fullwidth fullwidth-box fusion-builder-row-1 nonhundred-percent-fullwidth non-hundred-percent-height-scrolling\" style=\"--awb-border-radius-top-left:0px;--awb-border-radius-top-right:0px;--awb-border-radius-bottom-right:0px;--awb-border-radius-bottom-left:0px;--awb-flex-wrap:wrap;\" ><div class=\"fusion-builder-row fusion-row\"><div class=\"fusion-layout-column fusion_builder_column fusion-builder-column-0 fusion_builder_column_1_2 1_2 fusion-one-half fusion-column-first\" style=\"--awb-bg-size:cover;width:50%;width:calc(50% - ( ( 4% ) * 0.5 ) );margin-right: 4%;\"><div class=\"fusion-column-wrapper fusion-flex-column-wrapper-legacy\"><div class=\"fusion-text fusion-text-1\"><p>Die PCC hat morgen einen besonderen Geburtstag. Vor 25 Jahren, am 20. Oktober 1993, gr\u00fcndete Waldemar Preussner den Kern unserer heutigen Unternehmensgruppe:<!--more--> die Petro Carbo Chem Rohstoffhandelsgesellschaft. Daraus ist in einem Vierteljahrhundert ein breit diversifizierter, dynamisch wachsender Konzern entstanden. Wir sind heute in der PCC-Gruppe mehr als 3.400 Kolleginnen und Kollegen in 18 L\u00e4ndern.<\/p>\n<p>Lesen Sie hier mehr \u00fcber die Meilensteine unserer Konzerngeschichte: <a href=\"https:\/\/www.pcc.eu\/die-pcc-begeht-firmenjubilaeum-25-jahre-werthaltiges-wachstum\/\" target=\"_blank\" rel=\"noopener noreferrer\"><span id=\"result_box\" class=\"short_text\" lang=\"de\">Lesen Sie mehr<\/span><\/a><\/p>\n<\/div><div class=\"fusion-clearfix\"><\/div><\/div><\/div><\/div><\/div>\n","protected":false},"excerpt":{"rendered":"<p>Die PCC hat morgen einen besonderen Geburtstag. Vor 25 Jahren, am 20. Oktober 1993, gr\u00fcndete Waldemar Preussner den Kern unserer heutigen Unternehmensgruppe:<\/p>\n","protected":false},"author":17,"featured_media":26460,"comment_status":"closed","ping_status":"open","sticky":false,"template":"","format":"standard","meta":{"footnotes":""},"categories":[180],"tags":[],"class_list":["post-24177","post","type-post","status-publish","format-standard","has-post-thumbnail","hentry","category-news-de"],"yoast_head":"<!-- This site is optimized with the Yoast SEO plugin v27.3 - https:\/\/yoast.com\/product\/yoast-seo-wordpress\/ -->\n<title>PCCs 25-j\u00e4hriges Jubil\u00e4um - PCC MCAA<\/title>\n<meta name=\"robots\" content=\"index, follow, max-snippet:-1, max-image-preview:large, max-video-preview:-1\" \/>\n<link rel=\"canonical\" href=\"https:\/\/www.pcc-mcaa.eu\/de\/pccs-25-jaehriges-jubilaeum\/\" \/>\n<meta property=\"og:locale\" content=\"de_DE\" \/>\n<meta property=\"og:type\" content=\"article\" \/>\n<meta property=\"og:title\" content=\"PCCs 25-j\u00e4hriges Jubil\u00e4um - PCC MCAA\" \/>\n<meta property=\"og:description\" content=\"Die PCC hat morgen einen besonderen Geburtstag. Vor 25 Jahren, am 20. Oktober 1993, gr\u00fcndete Waldemar Preussner den Kern unserer heutigen Unternehmensgruppe:\" \/>\n<meta property=\"og:url\" content=\"https:\/\/www.pcc-mcaa.eu\/de\/pccs-25-jaehriges-jubilaeum\/\" \/>\n<meta property=\"og:site_name\" content=\"PCC MCAA\" \/>\n<meta property=\"article:published_time\" content=\"2018-10-22T07:02:13+00:00\" \/>\n<meta property=\"article:modified_time\" content=\"2020-04-28T09:19:09+00:00\" \/>\n<meta property=\"og:image\" content=\"https:\/\/www.pcc-mcaa.eu\/wp-content\/uploads\/2018\/10\/de-mini.png\" \/>\n\t<meta property=\"og:image:width\" content=\"240\" \/>\n\t<meta property=\"og:image:height\" content=\"240\" \/>\n\t<meta property=\"og:image:type\" content=\"image\/png\" \/>\n<meta name=\"author\" content=\"mpietrusb\" \/>\n<meta name=\"twitter:card\" content=\"summary_large_image\" \/>\n<meta name=\"twitter:label1\" content=\"Verfasst von\" \/>\n\t<meta name=\"twitter:data1\" content=\"mpietrusb\" \/>\n\t<meta name=\"twitter:label2\" content=\"Gesch\u00e4tzte Lesezeit\" \/>\n\t<meta name=\"twitter:data2\" content=\"1\u00a0Minute\" \/>\n<script type=\"application\/ld+json\" class=\"yoast-schema-graph\">{\"@context\":\"https:\\\/\\\/schema.org\",\"@graph\":[{\"@type\":\"Article\",\"@id\":\"https:\\\/\\\/www.pcc-mcaa.eu\\\/de\\\/pccs-25-jaehriges-jubilaeum\\\/#article\",\"isPartOf\":{\"@id\":\"https:\\\/\\\/www.pcc-mcaa.eu\\\/de\\\/pccs-25-jaehriges-jubilaeum\\\/\"},\"author\":{\"name\":\"mpietrusb\",\"@id\":\"https:\\\/\\\/www.pcc-mcaa.eu\\\/#\\\/schema\\\/person\\\/7afcb8c341c9d2e4d943669d887dca1f\"},\"headline\":\"PCCs 25-j\u00e4hriges Jubil\u00e4um\",\"datePublished\":\"2018-10-22T07:02:13+00:00\",\"dateModified\":\"2020-04-28T09:19:09+00:00\",\"mainEntityOfPage\":{\"@id\":\"https:\\\/\\\/www.pcc-mcaa.eu\\\/de\\\/pccs-25-jaehriges-jubilaeum\\\/\"},\"wordCount\":278,\"publisher\":{\"@id\":\"https:\\\/\\\/www.pcc-mcaa.eu\\\/#organization\"},\"image\":{\"@id\":\"https:\\\/\\\/www.pcc-mcaa.eu\\\/de\\\/pccs-25-jaehriges-jubilaeum\\\/#primaryimage\"},\"thumbnailUrl\":\"https:\\\/\\\/www.pcc-mcaa.eu\\\/wp-content\\\/uploads\\\/2018\\\/10\\\/de-mini.png\",\"articleSection\":[\"News\"],\"inLanguage\":\"de\"},{\"@type\":\"WebPage\",\"@id\":\"https:\\\/\\\/www.pcc-mcaa.eu\\\/de\\\/pccs-25-jaehriges-jubilaeum\\\/\",\"url\":\"https:\\\/\\\/www.pcc-mcaa.eu\\\/de\\\/pccs-25-jaehriges-jubilaeum\\\/\",\"name\":\"PCCs 25-j\u00e4hriges Jubil\u00e4um - PCC MCAA\",\"isPartOf\":{\"@id\":\"https:\\\/\\\/www.pcc-mcaa.eu\\\/#website\"},\"primaryImageOfPage\":{\"@id\":\"https:\\\/\\\/www.pcc-mcaa.eu\\\/de\\\/pccs-25-jaehriges-jubilaeum\\\/#primaryimage\"},\"image\":{\"@id\":\"https:\\\/\\\/www.pcc-mcaa.eu\\\/de\\\/pccs-25-jaehriges-jubilaeum\\\/#primaryimage\"},\"thumbnailUrl\":\"https:\\\/\\\/www.pcc-mcaa.eu\\\/wp-content\\\/uploads\\\/2018\\\/10\\\/de-mini.png\",\"datePublished\":\"2018-10-22T07:02:13+00:00\",\"dateModified\":\"2020-04-28T09:19:09+00:00\",\"breadcrumb\":{\"@id\":\"https:\\\/\\\/www.pcc-mcaa.eu\\\/de\\\/pccs-25-jaehriges-jubilaeum\\\/#breadcrumb\"},\"inLanguage\":\"de\",\"potentialAction\":[{\"@type\":\"ReadAction\",\"target\":[\"https:\\\/\\\/www.pcc-mcaa.eu\\\/de\\\/pccs-25-jaehriges-jubilaeum\\\/\"]}]},{\"@type\":\"ImageObject\",\"inLanguage\":\"de\",\"@id\":\"https:\\\/\\\/www.pcc-mcaa.eu\\\/de\\\/pccs-25-jaehriges-jubilaeum\\\/#primaryimage\",\"url\":\"https:\\\/\\\/www.pcc-mcaa.eu\\\/wp-content\\\/uploads\\\/2018\\\/10\\\/de-mini.png\",\"contentUrl\":\"https:\\\/\\\/www.pcc-mcaa.eu\\\/wp-content\\\/uploads\\\/2018\\\/10\\\/de-mini.png\",\"width\":240,\"height\":240},{\"@type\":\"BreadcrumbList\",\"@id\":\"https:\\\/\\\/www.pcc-mcaa.eu\\\/de\\\/pccs-25-jaehriges-jubilaeum\\\/#breadcrumb\",\"itemListElement\":[{\"@type\":\"ListItem\",\"position\":1,\"name\":\"Strona g\u0142\u00f3wna\",\"item\":\"https:\\\/\\\/www.pcc-mcaa.eu\\\/en\\\/\"},{\"@type\":\"ListItem\",\"position\":2,\"name\":\"PCCs 25-j\u00e4hriges Jubil\u00e4um\"}]},{\"@type\":\"WebSite\",\"@id\":\"https:\\\/\\\/www.pcc-mcaa.eu\\\/#website\",\"url\":\"https:\\\/\\\/www.pcc-mcaa.eu\\\/\",\"name\":\"PCC MCAA\",\"description\":\"Herstellung von Monochloressigs\u00e4ure (MCAA)\",\"publisher\":{\"@id\":\"https:\\\/\\\/www.pcc-mcaa.eu\\\/#organization\"},\"potentialAction\":[{\"@type\":\"SearchAction\",\"target\":{\"@type\":\"EntryPoint\",\"urlTemplate\":\"https:\\\/\\\/www.pcc-mcaa.eu\\\/?s={search_term_string}\"},\"query-input\":{\"@type\":\"PropertyValueSpecification\",\"valueRequired\":true,\"valueName\":\"search_term_string\"}}],\"inLanguage\":\"de\"},{\"@type\":\"Organization\",\"@id\":\"https:\\\/\\\/www.pcc-mcaa.eu\\\/#organization\",\"name\":\"PCC MCAA Sp. z o.o.\",\"url\":\"https:\\\/\\\/www.pcc-mcaa.eu\\\/\",\"logo\":{\"@type\":\"ImageObject\",\"inLanguage\":\"de\",\"@id\":\"https:\\\/\\\/www.pcc-mcaa.eu\\\/#\\\/schema\\\/logo\\\/image\\\/\",\"url\":\"https:\\\/\\\/www.pcc-mcaa.eu\\\/wp-content\\\/uploads\\\/2018\\\/02\\\/logo.png\",\"contentUrl\":\"https:\\\/\\\/www.pcc-mcaa.eu\\\/wp-content\\\/uploads\\\/2018\\\/02\\\/logo.png\",\"width\":400,\"height\":103,\"caption\":\"PCC MCAA Sp. z o.o.\"},\"image\":{\"@id\":\"https:\\\/\\\/www.pcc-mcaa.eu\\\/#\\\/schema\\\/logo\\\/image\\\/\"}},{\"@type\":\"Person\",\"@id\":\"https:\\\/\\\/www.pcc-mcaa.eu\\\/#\\\/schema\\\/person\\\/7afcb8c341c9d2e4d943669d887dca1f\",\"name\":\"mpietrusb\",\"image\":{\"@type\":\"ImageObject\",\"inLanguage\":\"de\",\"@id\":\"https:\\\/\\\/secure.gravatar.com\\\/avatar\\\/319d45107512c04b902f672e9e5fd9d370d5b23851004cfc2a6c104007635358?s=96&d=mm&r=g\",\"url\":\"https:\\\/\\\/secure.gravatar.com\\\/avatar\\\/319d45107512c04b902f672e9e5fd9d370d5b23851004cfc2a6c104007635358?s=96&d=mm&r=g\",\"contentUrl\":\"https:\\\/\\\/secure.gravatar.com\\\/avatar\\\/319d45107512c04b902f672e9e5fd9d370d5b23851004cfc2a6c104007635358?s=96&d=mm&r=g\",\"caption\":\"mpietrusb\"}}]}<\/script>\n<!-- \/ Yoast SEO plugin. -->","yoast_head_json":{"title":"PCCs 25-j\u00e4hriges Jubil\u00e4um - PCC MCAA","robots":{"index":"index","follow":"follow","max-snippet":"max-snippet:-1","max-image-preview":"max-image-preview:large","max-video-preview":"max-video-preview:-1"},"canonical":"https:\/\/www.pcc-mcaa.eu\/de\/pccs-25-jaehriges-jubilaeum\/","og_locale":"de_DE","og_type":"article","og_title":"PCCs 25-j\u00e4hriges Jubil\u00e4um - PCC MCAA","og_description":"Die PCC hat morgen einen besonderen Geburtstag. Vor 25 Jahren, am 20. Oktober 1993, gr\u00fcndete Waldemar Preussner den Kern unserer heutigen Unternehmensgruppe:","og_url":"https:\/\/www.pcc-mcaa.eu\/de\/pccs-25-jaehriges-jubilaeum\/","og_site_name":"PCC MCAA","article_published_time":"2018-10-22T07:02:13+00:00","article_modified_time":"2020-04-28T09:19:09+00:00","og_image":[{"width":240,"height":240,"url":"https:\/\/www.pcc-mcaa.eu\/wp-content\/uploads\/2018\/10\/de-mini.png","type":"image\/png"}],"author":"mpietrusb","twitter_card":"summary_large_image","twitter_misc":{"Verfasst von":"mpietrusb","Gesch\u00e4tzte Lesezeit":"1\u00a0Minute"},"schema":{"@context":"https:\/\/schema.org","@graph":[{"@type":"Article","@id":"https:\/\/www.pcc-mcaa.eu\/de\/pccs-25-jaehriges-jubilaeum\/#article","isPartOf":{"@id":"https:\/\/www.pcc-mcaa.eu\/de\/pccs-25-jaehriges-jubilaeum\/"},"author":{"name":"mpietrusb","@id":"https:\/\/www.pcc-mcaa.eu\/#\/schema\/person\/7afcb8c341c9d2e4d943669d887dca1f"},"headline":"PCCs 25-j\u00e4hriges Jubil\u00e4um","datePublished":"2018-10-22T07:02:13+00:00","dateModified":"2020-04-28T09:19:09+00:00","mainEntityOfPage":{"@id":"https:\/\/www.pcc-mcaa.eu\/de\/pccs-25-jaehriges-jubilaeum\/"},"wordCount":278,"publisher":{"@id":"https:\/\/www.pcc-mcaa.eu\/#organization"},"image":{"@id":"https:\/\/www.pcc-mcaa.eu\/de\/pccs-25-jaehriges-jubilaeum\/#primaryimage"},"thumbnailUrl":"https:\/\/www.pcc-mcaa.eu\/wp-content\/uploads\/2018\/10\/de-mini.png","articleSection":["News"],"inLanguage":"de"},{"@type":"WebPage","@id":"https:\/\/www.pcc-mcaa.eu\/de\/pccs-25-jaehriges-jubilaeum\/","url":"https:\/\/www.pcc-mcaa.eu\/de\/pccs-25-jaehriges-jubilaeum\/","name":"PCCs 25-j\u00e4hriges Jubil\u00e4um - PCC MCAA","isPartOf":{"@id":"https:\/\/www.pcc-mcaa.eu\/#website"},"primaryImageOfPage":{"@id":"https:\/\/www.pcc-mcaa.eu\/de\/pccs-25-jaehriges-jubilaeum\/#primaryimage"},"image":{"@id":"https:\/\/www.pcc-mcaa.eu\/de\/pccs-25-jaehriges-jubilaeum\/#primaryimage"},"thumbnailUrl":"https:\/\/www.pcc-mcaa.eu\/wp-content\/uploads\/2018\/10\/de-mini.png","datePublished":"2018-10-22T07:02:13+00:00","dateModified":"2020-04-28T09:19:09+00:00","breadcrumb":{"@id":"https:\/\/www.pcc-mcaa.eu\/de\/pccs-25-jaehriges-jubilaeum\/#breadcrumb"},"inLanguage":"de","potentialAction":[{"@type":"ReadAction","target":["https:\/\/www.pcc-mcaa.eu\/de\/pccs-25-jaehriges-jubilaeum\/"]}]},{"@type":"ImageObject","inLanguage":"de","@id":"https:\/\/www.pcc-mcaa.eu\/de\/pccs-25-jaehriges-jubilaeum\/#primaryimage","url":"https:\/\/www.pcc-mcaa.eu\/wp-content\/uploads\/2018\/10\/de-mini.png","contentUrl":"https:\/\/www.pcc-mcaa.eu\/wp-content\/uploads\/2018\/10\/de-mini.png","width":240,"height":240},{"@type":"BreadcrumbList","@id":"https:\/\/www.pcc-mcaa.eu\/de\/pccs-25-jaehriges-jubilaeum\/#breadcrumb","itemListElement":[{"@type":"ListItem","position":1,"name":"Strona g\u0142\u00f3wna","item":"https:\/\/www.pcc-mcaa.eu\/en\/"},{"@type":"ListItem","position":2,"name":"PCCs 25-j\u00e4hriges Jubil\u00e4um"}]},{"@type":"WebSite","@id":"https:\/\/www.pcc-mcaa.eu\/#website","url":"https:\/\/www.pcc-mcaa.eu\/","name":"PCC MCAA","description":"Herstellung von Monochloressigs\u00e4ure (MCAA)","publisher":{"@id":"https:\/\/www.pcc-mcaa.eu\/#organization"},"potentialAction":[{"@type":"SearchAction","target":{"@type":"EntryPoint","urlTemplate":"https:\/\/www.pcc-mcaa.eu\/?s={search_term_string}"},"query-input":{"@type":"PropertyValueSpecification","valueRequired":true,"valueName":"search_term_string"}}],"inLanguage":"de"},{"@type":"Organization","@id":"https:\/\/www.pcc-mcaa.eu\/#organization","name":"PCC MCAA Sp. z o.o.","url":"https:\/\/www.pcc-mcaa.eu\/","logo":{"@type":"ImageObject","inLanguage":"de","@id":"https:\/\/www.pcc-mcaa.eu\/#\/schema\/logo\/image\/","url":"https:\/\/www.pcc-mcaa.eu\/wp-content\/uploads\/2018\/02\/logo.png","contentUrl":"https:\/\/www.pcc-mcaa.eu\/wp-content\/uploads\/2018\/02\/logo.png","width":400,"height":103,"caption":"PCC MCAA Sp. z o.o."},"image":{"@id":"https:\/\/www.pcc-mcaa.eu\/#\/schema\/logo\/image\/"}},{"@type":"Person","@id":"https:\/\/www.pcc-mcaa.eu\/#\/schema\/person\/7afcb8c341c9d2e4d943669d887dca1f","name":"mpietrusb","image":{"@type":"ImageObject","inLanguage":"de","@id":"https:\/\/secure.gravatar.com\/avatar\/319d45107512c04b902f672e9e5fd9d370d5b23851004cfc2a6c104007635358?s=96&d=mm&r=g","url":"https:\/\/secure.gravatar.com\/avatar\/319d45107512c04b902f672e9e5fd9d370d5b23851004cfc2a6c104007635358?s=96&d=mm&r=g","contentUrl":"https:\/\/secure.gravatar.com\/avatar\/319d45107512c04b902f672e9e5fd9d370d5b23851004cfc2a6c104007635358?s=96&d=mm&r=g","caption":"mpietrusb"}}]}},"_links":{"self":[{"href":"https:\/\/www.pcc-mcaa.eu\/de\/wp-json\/wp\/v2\/posts\/24177","targetHints":{"allow":["GET"]}}],"collection":[{"href":"https:\/\/www.pcc-mcaa.eu\/de\/wp-json\/wp\/v2\/posts"}],"about":[{"href":"https:\/\/www.pcc-mcaa.eu\/de\/wp-json\/wp\/v2\/types\/post"}],"author":[{"embeddable":true,"href":"https:\/\/www.pcc-mcaa.eu\/de\/wp-json\/wp\/v2\/users\/17"}],"replies":[{"embeddable":true,"href":"https:\/\/www.pcc-mcaa.eu\/de\/wp-json\/wp\/v2\/comments?post=24177"}],"version-history":[{"count":3,"href":"https:\/\/www.pcc-mcaa.eu\/de\/wp-json\/wp\/v2\/posts\/24177\/revisions"}],"predecessor-version":[{"id":26614,"href":"https:\/\/www.pcc-mcaa.eu\/de\/wp-json\/wp\/v2\/posts\/24177\/revisions\/26614"}],"wp:featuredmedia":[{"embeddable":true,"href":"https:\/\/www.pcc-mcaa.eu\/de\/wp-json\/wp\/v2\/media\/26460"}],"wp:attachment":[{"href":"https:\/\/www.pcc-mcaa.eu\/de\/wp-json\/wp\/v2\/media?parent=24177"}],"wp:term":[{"taxonomy":"category","embeddable":true,"href":"https:\/\/www.pcc-mcaa.eu\/de\/wp-json\/wp\/v2\/categories?post=24177"},{"taxonomy":"post_tag","embeddable":true,"href":"https:\/\/www.pcc-mcaa.eu\/de\/wp-json\/wp\/v2\/tags?post=24177"}],"curies":[{"name":"wp","href":"https:\/\/api.w.org\/{rel}","templated":true}]}}